{"id":2096,"date":"2023-05-23T16:39:33","date_gmt":"2023-05-23T17:39:33","guid":{"rendered":"https:\/\/peds.gov.cv\/caboverde4dev\/?p=2096"},"modified":"2023-05-23T16:39:33","modified_gmt":"2023-05-23T17:39:33","slug":"cabo-verde-participa-nas-reunioes-anuais-de-2023-dos-conselhos-de-governadores-do-grupo-do-banco-africano-de-desenvolvimento","status":"publish","type":"post","link":"https:\/\/peds.gov.cv\/caboverde4dev\/en\/cabo-verde-participa-nas-reunioes-anuais-de-2023-dos-conselhos-de-governadores-do-grupo-do-banco-africano-de-desenvolvimento\/","title":{"rendered":"Cabo Verde participa nas Reuni\u00f5es Anuais de 2023 dos Conselhos de Governadores do Grupo do Banco Africano de Desenvolvimento"},"content":{"rendered":"<p>A equipa de Cabo Verde, liderada pela Secret\u00e1ria do Estado do Fomento Empresarial, Adalgisa Vaz, participa na 58\u00aa Reuni\u00e3o Anual do Banco Africano de Desenvolvimento e na 49\u00aa Reuni\u00e3o Anual do Fundo Africano de Desenvolvimento, a decorrer at\u00e9 26 de maio de 2023, em Sharm El Sheikh, Rep\u00fablica \u00c1rabe do Egipto.<\/p>\n\n\n\n<p>Este ano as reuni\u00f5es est\u00e3o sendo realizadas sob o lema &#8220;Mobilizar o financiamento do setor privado para as altera\u00e7\u00f5es clim\u00e1ticas e o crescimento verde em \u00c1frica&#8221;.<\/p>\n\n\n\n<p>Um tema que segundo o Presidente do Banco Africano de Desenvolvimento, Dr. Akinwumi Adesina, foi escolhido com o objetivo de chamar a aten\u00e7\u00e3o para a necessidade urgente de financiamento clim\u00e1tico.<\/p>\n\n\n\n<p>&#8220;Hoje em dia, para onde quer que olhemos em \u00c1frica, as altera\u00e7\u00f5es clim\u00e1ticas est\u00e3o a causar caos. No Sahel, as temperaturas mais quentes est\u00e3o a secar a \u00e1gua limitada, causando stress h\u00eddrico nas culturas, e no gado, e agravando a inseguran\u00e7a alimentar\u201d, sublinhou.<\/p>\n\n\n\n<p>O Presidente do BAD, reconheceu que ainda h\u00e1 muito a fazer, uma vez que o financiamento clim\u00e1tico do setor privado em \u00c1frica ter\u00e1 de aumentar 36% por ano.<\/p>\n\n\n\n<p>O Banco Africano de Desenvolvimento est\u00e1 a liderar os esfor\u00e7os de adapta\u00e7\u00e3o clim\u00e1tica, em todo o continente, e dedicou 63% do seu financiamento clim\u00e1tico, o mais elevado entre todos os bancos multilaterais de desenvolvimento.<\/p>\n\n\n\n<p>Neste sentido, o Governo de Cabo Verde tem trabalhado afincadamente com diferentes parceiros para possibilitar que o setor privado Cabo-verdiano possa fazer parte de uma agenda, com foco em tornar o pa\u00eds mais resiliente. De real\u00e7ar que tem sido feito um importante programa para a cria\u00e7\u00e3o de Fundo Clim\u00e1tico e Ambiental atrav\u00e9s da qual o Governo poder\u00e1 mobilizar recursos, e ter a componente de transforma\u00e7\u00e3o da d\u00edvida p\u00fablica em financiamento clim\u00e1tico e ambiental, na economia circular, em projetos que ter\u00e3o impacto na economia e que aumentem a resili\u00eancia de Cabo Verde.<\/p>","protected":false},"excerpt":{"rendered":"<p>A equipa de Cabo Verde, liderada pela Secret\u00e1ria do Estado do Fomento Empresarial, Adalgisa Vaz, participa na 58\u00aa Reuni\u00e3o Anual do Banco Africano de Desenvolvimento e na 49\u00aa Reuni\u00e3o Anual do Fundo Africano de Desenvolvimento, a decorrer at\u00e9 26 de maio de 2023, em Sharm El Sheikh, Rep\u00fablica \u00c1rabe do Egipto. Este ano as reuni\u00f5es [&hellip;]<\/p>","protected":false},"author":20,"featured_media":2097,"comment_status":"open","ping_status":"open","sticky":false,"template":"","format":"standard","meta":{"footnotes":""},"categories":[14],"tags":[],"class_list":["post-2096","post","type-post","status-publish","format-standard","has-post-thumbnail","hentry","category-news"],"_links":{"self":[{"href":"https:\/\/peds.gov.cv\/caboverde4dev\/en\/wp-json\/wp\/v2\/posts\/2096","targetHints":{"allow":["GET"]}}],"collection":[{"href":"https:\/\/peds.gov.cv\/caboverde4dev\/en\/wp-json\/wp\/v2\/posts"}],"about":[{"href":"https:\/\/peds.gov.cv\/caboverde4dev\/en\/wp-json\/wp\/v2\/types\/post"}],"author":[{"embeddable":true,"href":"https:\/\/peds.gov.cv\/caboverde4dev\/en\/wp-json\/wp\/v2\/users\/20"}],"replies":[{"embeddable":true,"href":"https:\/\/peds.gov.cv\/caboverde4dev\/en\/wp-json\/wp\/v2\/comments?post=2096"}],"version-history":[{"count":1,"href":"https:\/\/peds.gov.cv\/caboverde4dev\/en\/wp-json\/wp\/v2\/posts\/2096\/revisions"}],"predecessor-version":[{"id":2098,"href":"https:\/\/peds.gov.cv\/caboverde4dev\/en\/wp-json\/wp\/v2\/posts\/2096\/revisions\/2098"}],"wp:featuredmedia":[{"embeddable":true,"href":"https:\/\/peds.gov.cv\/caboverde4dev\/en\/wp-json\/wp\/v2\/media\/2097"}],"wp:attachment":[{"href":"https:\/\/peds.gov.cv\/caboverde4dev\/en\/wp-json\/wp\/v2\/media?parent=2096"}],"wp:term":[{"taxonomy":"category","embeddable":true,"href":"https:\/\/peds.gov.cv\/caboverde4dev\/en\/wp-json\/wp\/v2\/categories?post=2096"},{"taxonomy":"post_tag","embeddable":true,"href":"https:\/\/peds.gov.cv\/caboverde4dev\/en\/wp-json\/wp\/v2\/tags?post=2096"}],"curies":[{"name":"wp","href":"https:\/\/api.w.org\/{rel}","templated":true}]}}