{"id":1266,"date":"2023-02-17T13:52:00","date_gmt":"2023-02-17T14:52:00","guid":{"rendered":"https:\/\/peds.gov.cv\/caboverde4dev\/?p=1266"},"modified":"2023-04-07T13:56:45","modified_gmt":"2023-04-07T14:56:45","slug":"o-governo-vai-realizar-nos-dias-27-e-28-de-abril-a-conferencia-internacional-de-parceiros-sob-o-lema-impulsionar-mudancas-e-acelerar-o-desenvolvimento-na-ilha-de-boa-vista","status":"publish","type":"post","link":"https:\/\/peds.gov.cv\/caboverde4dev\/o-governo-vai-realizar-nos-dias-27-e-28-de-abril-a-conferencia-internacional-de-parceiros-sob-o-lema-impulsionar-mudancas-e-acelerar-o-desenvolvimento-na-ilha-de-boa-vista\/","title":{"rendered":"O Governo vai realizar nos dias 27 e 28 de Abril, a Confer\u00eancia Internacional de Parceiros sob o lema \u201cImpulsionar mudan\u00e7as e acelerar o desenvolvimento\u201d, na ilha de Boa Vista."},"content":{"rendered":"\n<p>Em nota de imprensa, o Governo explica que este encontro tem por objectivo promover uma plataforma de di\u00e1logo visando alcan\u00e7ar-se um alinhamento entre todos os parceiros do desenvolvimento de Cabo Verde para a realiza\u00e7\u00e3o do Programa de Investimentos P\u00fablicos, assente, principalmente, em parcerias p\u00fablico-privadas, adentro dos pilares program\u00e1ticos do PEDS II 2022-2026 e seus projectos transformadores, que impactem de forma sist\u00eamica, o desenvolvimento sustent\u00e1vel de Cabo Verde.<\/p>\n\n\n\n<p>A mesma fonte assegura ainda que este Plano Estrat\u00e9gico de Desenvolvimento Sustent\u00e1vel 2022-2026 (PEDS II) vem operacionalizar o Programa do Governo e \u00e9 assim o instrumento do Estado para impulsionar mudan\u00e7as e acelerar o progresso para cumprir o primeiro ciclo da Ambi\u00e7\u00e3o 2030.<\/p>\n\n\n\n<p><\/p>\n","protected":false},"excerpt":{"rendered":"<p>Em nota de imprensa, o Governo explica que este encontro tem por objectivo promover uma plataforma de di\u00e1logo visando alcan\u00e7ar-se um alinhamento entre todos os parceiros do desenvolvimento de Cabo Verde para a realiza\u00e7\u00e3o do Programa de Investimentos P\u00fablicos, assente, principalmente, em parcerias p\u00fablico-privadas, adentro dos pilares program\u00e1ticos do PEDS II 2022-2026 e seus projectos [&hellip;]<\/p>\n","protected":false},"author":5,"featured_media":1267,"comment_status":"open","ping_status":"open","sticky":false,"template":"","format":"standard","meta":{"footnotes":""},"categories":[14],"tags":[],"class_list":["post-1266","post","type-post","status-publish","format-standard","has-post-thumbnail","hentry","category-news"],"_links":{"self":[{"href":"https:\/\/peds.gov.cv\/caboverde4dev\/wp-json\/wp\/v2\/posts\/1266","targetHints":{"allow":["GET"]}}],"collection":[{"href":"https:\/\/peds.gov.cv\/caboverde4dev\/wp-json\/wp\/v2\/posts"}],"about":[{"href":"https:\/\/peds.gov.cv\/caboverde4dev\/wp-json\/wp\/v2\/types\/post"}],"author":[{"embeddable":true,"href":"https:\/\/peds.gov.cv\/caboverde4dev\/wp-json\/wp\/v2\/users\/5"}],"replies":[{"embeddable":true,"href":"https:\/\/peds.gov.cv\/caboverde4dev\/wp-json\/wp\/v2\/comments?post=1266"}],"version-history":[{"count":1,"href":"https:\/\/peds.gov.cv\/caboverde4dev\/wp-json\/wp\/v2\/posts\/1266\/revisions"}],"predecessor-version":[{"id":1268,"href":"https:\/\/peds.gov.cv\/caboverde4dev\/wp-json\/wp\/v2\/posts\/1266\/revisions\/1268"}],"wp:featuredmedia":[{"embeddable":true,"href":"https:\/\/peds.gov.cv\/caboverde4dev\/wp-json\/wp\/v2\/media\/1267"}],"wp:attachment":[{"href":"https:\/\/peds.gov.cv\/caboverde4dev\/wp-json\/wp\/v2\/media?parent=1266"}],"wp:term":[{"taxonomy":"category","embeddable":true,"href":"https:\/\/peds.gov.cv\/caboverde4dev\/wp-json\/wp\/v2\/categories?post=1266"},{"taxonomy":"post_tag","embeddable":true,"href":"https:\/\/peds.gov.cv\/caboverde4dev\/wp-json\/wp\/v2\/tags?post=1266"}],"curies":[{"name":"wp","href":"https:\/\/api.w.org\/{rel}","templated":true}]}}