{"id":2090,"date":"2023-05-09T16:19:39","date_gmt":"2023-05-09T17:19:39","guid":{"rendered":"https:\/\/peds.gov.cv\/caboverde4dev\/?p=2090"},"modified":"2023-05-09T16:41:24","modified_gmt":"2023-05-09T17:41:24","slug":"equipa-tecnica-do-fmi-conclui-a-consulta-ao-abrigo-do-artigo-iv-de-2023-e-a-segunda-avaliacao-do-acordo-com-cabo-verde-ao-abrigo-da-facilidade-de-credito-alargado","status":"publish","type":"post","link":"https:\/\/peds.gov.cv\/caboverde4dev\/equipa-tecnica-do-fmi-conclui-a-consulta-ao-abrigo-do-artigo-iv-de-2023-e-a-segunda-avaliacao-do-acordo-com-cabo-verde-ao-abrigo-da-facilidade-de-credito-alargado\/","title":{"rendered":"Equipa t\u00e9cnica do FMI conclui a Consulta ao abrigo do Artigo IV de 2023 e a Segunda Avalia\u00e7\u00e3o do Acordo com Cabo Verde ao abrigo da Facilidade de Cr\u00e9dito Alargado"},"content":{"rendered":"\n<p><strong>Washington, DC:<\/strong>&nbsp;De 2 a 9 de Maio de 2023, a equipa do Fundo Monet\u00e1rio Internacional (FMI) chefiada por Justin Tyson esteve reunida na Cidade da Praia para discutir a economia do pa\u00eds ao abrigo da consulta do Artigo IV de 2023 e levar a cabo a segunda avalia\u00e7\u00e3o do Acordo no \u00e2mbito da Facilidade de Cr\u00e9dito Alargado, assinado em 15 de Junho de 2022 (consultar Nota de Imprensa n.\u00ba 22\/2002). Sujeita \u00e0 aprova\u00e7\u00e3o dos Diretores e do Conselho de Administra\u00e7\u00e3o do FMI, a conclus\u00e3o da avalia\u00e7\u00e3o no \u00e2mbito da ECF conduzir\u00e1 \u00e0 desmobiliza\u00e7\u00e3o de 4,5 milh\u00f5es de DSE (aproximadamente 6,08 minh\u00f5es de D\u00f3lares), resultando num total de 27,02 milh\u00f5es de DSE (cerca de 36,26 milh\u00f5es de D\u00f3lares) em ajuda financeira do FMI.<\/p>\n\n\n\n<p>Na conclus\u00e3o da miss\u00e3o, Justin Tyson emitiu a seguinte declara\u00e7\u00e3o:<\/p>\n\n\n\n<p>&#8220;O desempenho de Cabo Verde no \u00e2mbito do programa \u00e9 robusto. A economia recuperou fortemente em 2022, tendo registado um crescimento de 17,7%, o d\u00e9fice prim\u00e1rio desceu para 1,9% do PIB, a d\u00edvida em rela\u00e7\u00e3o ao PIB diminuiu, a conta corrente melhorou e as reservas internacionais mantiveram-se em n\u00edveis adequados \u00e0 protec\u00e7\u00e3o da indexa\u00e7\u00e3o ao Euro. As autoridades utilizaram a pol\u00edtica monet\u00e1ria e or\u00e7amental para apoiar a recupera\u00e7\u00e3o e atenuar os efeitos da crise sobre os mais vulner\u00e1veis.<\/p>\n\n\n\n<p>&#8220;As projec\u00e7\u00f5es apontam para uma modera\u00e7\u00e3o do crescimento real do PIB para 4,4 por cento em 2023, \u00e0 medida que o crescimento das exporta\u00e7\u00f5es se normaliza. Prev\u00ea-se que a infla\u00e7\u00e3o seja de 5,2% em 2023 com a descida dos pre\u00e7os dos combust\u00edveis e dos produtos alimentares. O d\u00e9fice da conta corrente dever\u00e1 subir em 2023, \u00e0 medida que as exporta\u00e7\u00f5es de bens e servi\u00e7os, o turismo, as remessas e o investimento directo estrangeiro abrandarem em rela\u00e7\u00e3o aos n\u00edveis registados em 2022.<\/p>\n\n\n\n<p>&#8220;O or\u00e7amento de 2023 parece estar no bom caminho, em linha com o programa sustentado pela ECF. O Banco de Cabo Verde (BCV) come\u00e7ou a adoptar medidas monet\u00e1rias mais restritivas para reduzir o diferencial da taxa de juro com a do Banco Central Europeu (BCE) e proteger a indexa\u00e7\u00e3o.<\/p>\n\n\n\n<p>&#8220;As perspectivas s\u00e3o incertas. O enfraquecimento da procura externa nos principais mercados tur\u00edsticos de Cabo Verde pode afectar o crescimento, constituindo um risco de abrandamento. Novos aumentos dos pre\u00e7os dos combust\u00edveis e dos alimentos podem levar a que mais fam\u00edlias venham a necessitar de ajuda ao abrigo dos programas de apoio social, aumentando as despesas. A incapacidade de prosseguir com as reformas das empresas p\u00fablicas ou esfor\u00e7os or\u00e7amentais insuficientes tamb\u00e9m poder\u00e3o levar a um aumento dos riscos or\u00e7amentais.<\/p>\n\n\n\n<p>&#8220;Cabo Verde \u00e9 altamente vulner\u00e1vel aos efeitos das altera\u00e7\u00f5es clim\u00e1ticas, como evidenciado pela presente seca que dura quatro anos. Atrav\u00e9s da sua mais recente estrat\u00e9gia de desenvolvimento quinquenal (PEDS II), o governo procura executar medidas de adapta\u00e7\u00e3o e atenua\u00e7\u00e3o das altera\u00e7\u00f5es clim\u00e1ticas. As autoridades tentam equilibrar a consolida\u00e7\u00e3o or\u00e7amental para reduzir os n\u00edveis de d\u00edvida com as despesas de capital para acelerar os investimentos em ac\u00e7\u00f5es clim\u00e1ticas, contando com o apoio de parceiros (incluindo do Fundo Monet\u00e1rio Internacional) para aceder ao financiamento necess\u00e1rio.<\/p>\n\n\n\n<p>&#8220;N\u00e3o obstante o contexto mundial conturbado, Cabo Verde continua a fazer bons progressos no seu objectivo de proteger os grupos vulner\u00e1veis e promover um crescimento mais elevado e inclusivo.\u201d<\/p>\n\n\n\n<p>A miss\u00e3o reuniu-se com o Vice-Primeiro-Ministro e Ministro das Finan\u00e7as e do Fomento Empresarial, Olavo Correia, o Governador do Banco Central de Cabo Verde, \u00d3scar Santos, o Ministro do Estado, da Fam\u00edlia, Inclus\u00e3o e Desenvolvimento Social, Fernando Freire, os membros da Comiss\u00e3o Especializada de Finan\u00e7as e Or\u00e7amento da Assembleia Nacional, outros funcion\u00e1rios do governo e do Banco de Cabo Verde, representantes do sector privado e parceiros de desenvolvimento. A equipa agradece \u00e0s autoridades e demais interlocutores as discuss\u00f5es abertas e construtivas da primeira consulta presencial ao abrigo do Artigo IV desde o fim da pandemia, bem como o excelente apoio log\u00edstico.<\/p>\n","protected":false},"excerpt":{"rendered":"<p>Washington, DC:&nbsp;De 2 a 9 de Maio de 2023, a equipa do Fundo Monet\u00e1rio Internacional (FMI) chefiada por Justin Tyson esteve reunida na Cidade da Praia para discutir a economia do pa\u00eds ao abrigo da consulta do Artigo IV de 2023 e levar a cabo a segunda avalia\u00e7\u00e3o do Acordo no \u00e2mbito da Facilidade de [&hellip;]<\/p>\n","protected":false},"author":20,"featured_media":2095,"comment_status":"open","ping_status":"open","sticky":false,"template":"","format":"standard","meta":{"footnotes":""},"categories":[14],"tags":[],"class_list":["post-2090","post","type-post","status-publish","format-standard","has-post-thumbnail","hentry","category-news"],"_links":{"self":[{"href":"https:\/\/peds.gov.cv\/caboverde4dev\/wp-json\/wp\/v2\/posts\/2090","targetHints":{"allow":["GET"]}}],"collection":[{"href":"https:\/\/peds.gov.cv\/caboverde4dev\/wp-json\/wp\/v2\/posts"}],"about":[{"href":"https:\/\/peds.gov.cv\/caboverde4dev\/wp-json\/wp\/v2\/types\/post"}],"author":[{"embeddable":true,"href":"https:\/\/peds.gov.cv\/caboverde4dev\/wp-json\/wp\/v2\/users\/20"}],"replies":[{"embeddable":true,"href":"https:\/\/peds.gov.cv\/caboverde4dev\/wp-json\/wp\/v2\/comments?post=2090"}],"version-history":[{"count":1,"href":"https:\/\/peds.gov.cv\/caboverde4dev\/wp-json\/wp\/v2\/posts\/2090\/revisions"}],"predecessor-version":[{"id":2092,"href":"https:\/\/peds.gov.cv\/caboverde4dev\/wp-json\/wp\/v2\/posts\/2090\/revisions\/2092"}],"wp:featuredmedia":[{"embeddable":true,"href":"https:\/\/peds.gov.cv\/caboverde4dev\/wp-json\/wp\/v2\/media\/2095"}],"wp:attachment":[{"href":"https:\/\/peds.gov.cv\/caboverde4dev\/wp-json\/wp\/v2\/media?parent=2090"}],"wp:term":[{"taxonomy":"category","embeddable":true,"href":"https:\/\/peds.gov.cv\/caboverde4dev\/wp-json\/wp\/v2\/categories?post=2090"},{"taxonomy":"post_tag","embeddable":true,"href":"https:\/\/peds.gov.cv\/caboverde4dev\/wp-json\/wp\/v2\/tags?post=2090"}],"curies":[{"name":"wp","href":"https:\/\/api.w.org\/{rel}","templated":true}]}}