{"id":2139,"date":"2024-10-22T14:38:17","date_gmt":"2024-10-22T15:38:17","guid":{"rendered":"https:\/\/peds.gov.cv\/caboverde4dev\/?p=2139"},"modified":"2024-10-22T15:31:00","modified_gmt":"2024-10-22T16:31:00","slug":"relatorio-de-atividadessetor-da-modernizacao-doestado-e-da-administracao-publica-ano-2023","status":"publish","type":"post","link":"https:\/\/peds.gov.cv\/caboverde4dev\/relatorio-de-atividadessetor-da-modernizacao-doestado-e-da-administracao-publica-ano-2023\/","title":{"rendered":"RELAT\u00d3RIO DE ATIVIDADES:SETOR DA MODERNIZA\u00c7\u00c3O DOESTADO E DA ADMINISTRA\u00c7\u00c3O P\u00daBLICA &#8211; ano 2023"},"content":{"rendered":"\t\t<div data-elementor-type=\"wp-post\" data-elementor-id=\"2139\" class=\"elementor elementor-2139\">\n\t\t\t\t\t\t\t\t\t<section class=\"elementor-section elementor-top-section elementor-element elementor-element-58953e06 elementor-section-boxed elementor-section-height-default elementor-section-height-default\" data-id=\"58953e06\" data-element_type=\"section\">\n\t\t\t\t\t\t<div class=\"elementor-container elementor-column-gap-default\">\n\t\t\t\t\t<div class=\"elementor-column elementor-col-100 elementor-top-column elementor-element elementor-element-6457b47a\" data-id=\"6457b47a\" data-element_type=\"column\">\n\t\t\t<div class=\"elementor-widget-wrap elementor-element-populated\">\n\t\t\t\t\t\t\t\t<div class=\"elementor-element elementor-element-11495214 elementor-widget elementor-widget-text-editor\" data-id=\"11495214\" data-element_type=\"widget\" data-widget_type=\"text-editor.default\">\n\t\t\t\t<div class=\"elementor-widget-container\">\n\t\t\t<style>\/*! elementor - v3.11.2 - 22-02-2023 *\/\n.elementor-widget-text-editor.elementor-drop-cap-view-stacked .elementor-drop-cap{background-color:#818a91;color:#fff}.elementor-widget-text-editor.elementor-drop-cap-view-framed .elementor-drop-cap{color:#818a91;border:3px solid;background-color:transparent}.elementor-widget-text-editor:not(.elementor-drop-cap-view-default) .elementor-drop-cap{margin-top:8px}.elementor-widget-text-editor:not(.elementor-drop-cap-view-default) .elementor-drop-cap-letter{width:1em;height:1em}.elementor-widget-text-editor .elementor-drop-cap{float:left;text-align:center;line-height:1;font-size:50px}.elementor-widget-text-editor .elementor-drop-cap-letter{display:inline-block}<\/style>\t\t\t\t<p><!-- wp:paragraph --><\/p>\n<p>O ano 2023 foi marcado de forma indel\u00e9vel pelos efeitos ainda vis\u00edveis da COVID-19 e da atual guerra na<br \/>Ucr\u00e2nia. Hoje, n\u00e3o restam d\u00favidas de que o conjunto das pol\u00edticas p\u00fablicas enfrenta desafios novos. Contudo, persistem problemas estruturais, que est\u00e3o para al\u00e9m dos que se revelaram de forma premente nos \u00faltimos meses.<\/p>\n<p><!-- \/wp:paragraph --><\/p>\n<p><!-- wp:paragraph --><\/p>\n<p>Este relat\u00f3rio apresenta a evolu\u00e7\u00e3o das pol\u00edticas p\u00fablicas no pa\u00eds em mat\u00e9ria de Moderniza\u00e7\u00e3o do Estado e da Administra\u00e7\u00e3o P\u00fablica ao longo do primeiro ano de mandato do VIII Governo Constitucional da II Rep\u00fablica. O fulcro deste relat\u00f3rio \u00e9 demonstrar o papel das pol\u00edticas p\u00fablicas no incremento da Moderniza\u00e7\u00e3o do Estado e da Administra\u00e7\u00e3o P\u00fablica.<\/p>\n<p><a href=\"https:\/\/peds.gov.cv\/caboverde4dev\/wp-content\/uploads\/2024\/10\/Relatorio-Acompanhamento-PEDS-II_3o-Trimestre_ano-2023.pdf\">Relatorio Acompanhamento PEDS II_3\u00ba Trimestre_ano 2023<\/a><\/p>\n<p>\u00a0<\/p>\n<p>\u00a0<\/p>\n<p><!-- \/wp:paragraph --><\/p>\t\t\t\t\t\t<\/div>\n\t\t\t\t<\/div>\n\t\t\t\t\t<\/div>\n\t\t<\/div>\n\t\t\t\t\t\t\t<\/div>\n\t\t<\/section>\n\t\t\t\t\t\t\t<\/div>\n\t\t","protected":false},"excerpt":{"rendered":"<p>O ano 2023 foi marcado de forma indel\u00e9vel pelos efeitos ainda vis\u00edveis da COVID-19 e da atual guerra naUcr\u00e2nia. Hoje, n\u00e3o restam d\u00favidas de que o conjunto das pol\u00edticas p\u00fablicas enfrenta desafios novos. Contudo, persistem problemas estruturais, que est\u00e3o para al\u00e9m dos que se revelaram de forma premente nos \u00faltimos meses. Este relat\u00f3rio apresenta a [&hellip;]<\/p>\n","protected":false},"author":20,"featured_media":0,"comment_status":"open","ping_status":"open","sticky":false,"template":"","format":"standard","meta":{"footnotes":""},"categories":[1],"tags":[],"class_list":["post-2139","post","type-post","status-publish","format-standard","hentry","category-sem-categoria"],"_links":{"self":[{"href":"https:\/\/peds.gov.cv\/caboverde4dev\/wp-json\/wp\/v2\/posts\/2139","targetHints":{"allow":["GET"]}}],"collection":[{"href":"https:\/\/peds.gov.cv\/caboverde4dev\/wp-json\/wp\/v2\/posts"}],"about":[{"href":"https:\/\/peds.gov.cv\/caboverde4dev\/wp-json\/wp\/v2\/types\/post"}],"author":[{"embeddable":true,"href":"https:\/\/peds.gov.cv\/caboverde4dev\/wp-json\/wp\/v2\/users\/20"}],"replies":[{"embeddable":true,"href":"https:\/\/peds.gov.cv\/caboverde4dev\/wp-json\/wp\/v2\/comments?post=2139"}],"version-history":[{"count":3,"href":"https:\/\/peds.gov.cv\/caboverde4dev\/wp-json\/wp\/v2\/posts\/2139\/revisions"}],"predecessor-version":[{"id":2143,"href":"https:\/\/peds.gov.cv\/caboverde4dev\/wp-json\/wp\/v2\/posts\/2139\/revisions\/2143"}],"wp:attachment":[{"href":"https:\/\/peds.gov.cv\/caboverde4dev\/wp-json\/wp\/v2\/media?parent=2139"}],"wp:term":[{"taxonomy":"category","embeddable":true,"href":"https:\/\/peds.gov.cv\/caboverde4dev\/wp-json\/wp\/v2\/categories?post=2139"},{"taxonomy":"post_tag","embeddable":true,"href":"https:\/\/peds.gov.cv\/caboverde4dev\/wp-json\/wp\/v2\/tags?post=2139"}],"curies":[{"name":"wp","href":"https:\/\/api.w.org\/{rel}","templated":true}]}}